{"id":20890,"date":"2019-08-26T06:00:48","date_gmt":"2019-08-26T11:00:48","guid":{"rendered":"https:\/\/leonardosoto.com.mx\/blog\/?p=20890"},"modified":"2019-08-22T14:00:09","modified_gmt":"2019-08-22T19:00:09","slug":"enterate-que-puentes-tendremos-durante-este-ciclo-escolar-2019-2020","status":"publish","type":"post","link":"https:\/\/leonardosoto.com.mx\/blog\/2019\/08\/26\/enterate-que-puentes-tendremos-durante-este-ciclo-escolar-2019-2020\/","title":{"rendered":"Ent\u00e9rate qu\u00e9 puentes tendremos durante este ciclo escolar 2019-2020"},"content":{"rendered":"\n<div class=\"contenedor\"><p><em>Conoce el calendario escolar\n2019-2020 y los mega puentes que tendremos<\/em><\/p>\n\n\n\n<p>El 26 de\nagosto empezaron las clases en todo nuestro pa\u00eds y terminar\u00e1n el 6 de julio de\n2020 por lo que nuestros ni\u00f1os asistir\u00e1n 190 d\u00edas a la escuela. Durante este ciclo\nescolar los ni\u00f1os tendr\u00e1n 9 d\u00edas de descanso oficiales m\u00e1s los d\u00edas de junta de\nconsejo t\u00e9cnico escolar y a esto hay que agregarle los dos periodos de\nvacaciones que tendremos en este a\u00f1o escolar, y el resultado son 5 puentes,\nalgunos de ellos s\u00faper largos.<\/p>\n\n\n\n<p>Vale la pena\nconocer cu\u00e1les ser\u00e1n todos los d\u00edas que nuestros chicos no ir\u00e1n a la escuela, para\nque est\u00e9s preparado. <\/p>\n\n\n\n<p><strong>Los d\u00edas\nfestivos no escolares son:<\/strong><\/p>\n\n\n\n<ul><li>16 de septiembre<\/li><li>18 de noviembre<\/li><li>25 de diciembre<\/li><li>1 de enero<\/li><li>3 de febrero<\/li><li>16 de marzo<\/li><li>1, 5 y 15 de mayo<\/li><\/ul>\n\n\n\n<p>Tambi\u00e9n hay\nque tomar en cuenta las <strong>juntas de consejo t\u00e9cnico escolar<\/strong> que son 1er\nd\u00eda al mes en la que los ni\u00f1os no asisten a la escuela.<\/p>\n\n\n\n<ul><li>4 de octubre<\/li><li>15 de noviembre<\/li><li>20 de diciembre<\/li><li>31 de enero<\/li><li>13 de marzo<\/li><li>4 de mayo<\/li><li>5 de junio<\/li><li>7 de julio<\/li><\/ul>\n\n\n\n<p>No nos\nolvidemos de los dos periodos de <strong>vacaciones<\/strong> que tendr\u00e1n los chicos este\na\u00f1o escolar, las vacaciones de fin de a\u00f1o y las de Semana Santa.<\/p>\n\n\n\n<ul><li>Del 23 de diciembre al 7 de enero<\/li><li>Del 6 al 17 de abril<\/li><\/ul>\n\n\n\n<p>El resultado de todos\nestos d\u00edas sin clases nos da <strong>5<\/strong> <strong>puentes<\/strong>\n<\/p>\n\n\n\n<p><strong>PRIMER PUENTE<\/strong><strong><\/strong><\/p>\n\n\n\n<p>Ser\u00e1 el del lunes 16 de septiembre,\npara conmemorar el D\u00eda de la Independencia.<\/p>\n\n\n\n<p><strong>SEGUNDO PUENTE<\/strong><strong><\/strong><\/p>\n\n\n\n<p>Este es un puente largo\npues empieza el viernes 15 de noviembre con la junta de consejo t\u00e9cnico escolar\ny seguir\u00e1 hasta el lunes 18 donde celebramos el inicio de la Revoluci\u00f3n\nMexicana reanudando clases hasta el martes 19 de noviembre.<\/p>\n\n\n\n<p><strong>TERCER PUENTE<\/strong><strong><\/strong><\/p>\n\n\n\n<p>No habr\u00e1 clases el lunes 3\nde febrero por la conmemoraci\u00f3n de la Promulgaci\u00f3n de la Constituci\u00f3n Mexicana\nde 1917.<\/p>\n\n\n\n<p><strong>CUARTO PUENTE <\/strong><strong><\/strong><\/p>\n\n\n\n<p>En marzo tenemos otro\npuente largo, pues empieza el viernes 13 con la junta de consejo t\u00e9cnico y\ntermina el lunes 16 donde celebraremos el Natalicio de Benito Juarez.<\/p>\n\n\n\n<p><strong>QUINTO PUENTE<\/strong><strong><\/strong><\/p>\n\n\n\n<p>El puente m\u00e1s largo de\neste ciclo escolar es el de mayo ya que se suspenden clases el 1 y el 5 y la junta\nde consejo t\u00e9cnico se pas\u00f3 para el 4 del mismo mes para crear este super puente.<\/p>\n\n\n\n<p>Aqu\u00ed te dejo el link de la\nSEP para que puedas descargar el calendario completo y tomes tus precauciones\npues en este ciclo escolar habr\u00e1 varios mega puentes.<br> <a href=\"https:\/\/www.gob.mx\/sep?tab=Calendario%20escolar%202019-2020\">https:\/\/www.gob.mx\/sep?tab=Calendario%20escolar%202019-2020<\/a><\/p>\n<\/div>\n","protected":false},"excerpt":{"rendered":"<p>Conoce el calendario escolar 2019-2020 y los mega puentes que tendremos El 26 de agosto empezaron las clases en todo nuestro pa\u00eds y terminar\u00e1n el 6 de julio de 2020 por lo que nuestros ni\u00f1os asistir\u00e1n 190 d\u00edas a la escuela. Durante este ciclo escolar los ni\u00f1os tendr\u00e1n 9 d\u00edas de descanso oficiales m\u00e1s los d\u00edas de junta de consejo t\u00e9cnico escolar y a esto hay que agregarle los dos periodos de vacaciones que tendremos en este a\u00f1o escolar, y el resultado son 5 puentes, algunos de ellos s\u00faper largos&#8230;.<\/p>\n","protected":false},"author":1,"featured_media":20891,"comment_status":"open","ping_status":"closed","sticky":false,"template":"","format":"standard","meta":{"footnotes":""},"categories":[6],"tags":[234,238,233,236,235,240,237,239],"_links":{"self":[{"href":"https:\/\/leonardosoto.com.mx\/blog\/wp-json\/wp\/v2\/posts\/20890"}],"collection":[{"href":"https:\/\/leonardosoto.com.mx\/blog\/wp-json\/wp\/v2\/posts"}],"about":[{"href":"https:\/\/leonardosoto.com.mx\/blog\/wp-json\/wp\/v2\/types\/post"}],"author":[{"embeddable":true,"href":"https:\/\/leonardosoto.com.mx\/blog\/wp-json\/wp\/v2\/users\/1"}],"replies":[{"embeddable":true,"href":"https:\/\/leonardosoto.com.mx\/blog\/wp-json\/wp\/v2\/comments?post=20890"}],"version-history":[{"count":4,"href":"https:\/\/leonardosoto.com.mx\/blog\/wp-json\/wp\/v2\/posts\/20890\/revisions"}],"predecessor-version":[{"id":20895,"href":"https:\/\/leonardosoto.com.mx\/blog\/wp-json\/wp\/v2\/posts\/20890\/revisions\/20895"}],"wp:featuredmedia":[{"embeddable":true,"href":"https:\/\/leonardosoto.com.mx\/blog\/wp-json\/wp\/v2\/media\/20891"}],"wp:attachment":[{"href":"https:\/\/leonardosoto.com.mx\/blog\/wp-json\/wp\/v2\/media?parent=20890"}],"wp:term":[{"taxonomy":"category","embeddable":true,"href":"https:\/\/leonardosoto.com.mx\/blog\/wp-json\/wp\/v2\/categories?post=20890"},{"taxonomy":"post_tag","embeddable":true,"href":"https:\/\/leonardosoto.com.mx\/blog\/wp-json\/wp\/v2\/tags?post=20890"}],"curies":[{"name":"wp","href":"https:\/\/api.w.org\/{rel}","templated":true}]}}