{"id":20724,"date":"2019-07-25T06:00:20","date_gmt":"2019-07-25T11:00:20","guid":{"rendered":"https:\/\/leonardosoto.com.mx\/blog\/?p=20724"},"modified":"2019-07-25T13:39:32","modified_gmt":"2019-07-25T18:39:32","slug":"visor-de-deducciones-personales","status":"publish","type":"post","link":"https:\/\/leonardosoto.com.mx\/blog\/2019\/07\/25\/visor-de-deducciones-personales\/","title":{"rendered":"Gu\u00eda para conocer el visor de deducciones personales del SAT"},"content":{"rendered":"\n<div class=\"contenedor\"> \n<p>\u00bfQuieres saber qu\u00e9 <strong>facturas<\/strong> de tus <strong>deducciones<\/strong> ya est\u00e1n consideradas para tu <strong>declaraci\u00f3n anual <\/strong>del pr\u00f3ximo a\u00f1o? Lee esta gu\u00eda que te ayudar\u00e1 a explorar el <strong>visor de deducciones personales<\/strong> del <strong>SAT.<\/strong><\/p>\n\n\n\n<p class=\"tit\">I. \u00bfQU\u00c9 ES?<\/p>\n\n\n\n<p class=\"titl\">Es una aplicaci\u00f3n que se encuentra en el portal del <strong>SAT<\/strong><\/p>\n\n\n\n<p class=\"tit\">II. \u00bfA QUI\u00c9N EST\u00c1 DIRIGIDA? <\/p>\n\n\n\n<p class=\"titl\">Para <strong>Personas F\u00edsicas<\/strong> <\/p>\n\n\n\n<p class=\"tit\">III. \u00bfQU\u00c9 MUESTRA?<\/p>\n\n\n\n<p class=\"titl\">Las facturas de tus gastos personales que ser\u00e1n deducibles en tu <strong>declaraci\u00f3n anual<\/strong>\n\n\n\nLas <strong>facturas<\/strong> de gastos personales que NO est\u00e1n consideradas para deducir por no cumplir con alguno de los requisitos establecidos.<\/p>\n\n\n\n<p class=\"tit\">IV. \u00bfQU\u00c9 BENEFICIO OFRECE?<\/p>\n\n\n\n<p class=\"titl\">Ahora podr\u00e1s solicitar con tiempo la correcci\u00f3n de las <strong>facturas<\/strong> deducibles en tu <strong>declaraci\u00f3n anual<\/strong>, recuerda que debes solicitar tu factura y en caso de que el establecimiento no quiera d\u00e1rtela o no te la env\u00ede a tiempo puedes denunciar este hecho <\/p>\n\n\n\n<figure class=\"wp-block-embed-wordpress wp-block-embed is-type-wp-embed is-provider-blog-de-leonardo-soto\"><div class=\"wp-block-embed__wrapper\">\n<blockquote class=\"wp-embedded-content\" data-secret=\"qAzFBBQN2N\"><a href=\"https:\/\/leonardosoto.com.mx\/blog\/2019\/07\/02\/cansado-de-esperar-y-esperar-y-no-llega-tu-factura\/\">\u00bfCansado de esperar y esperar y no llega tu factura?<\/a><\/blockquote><iframe title=\"&#171;\u00bfCansado de esperar y esperar y no llega tu factura?&#187; &#8212; BLOG DE LEONARDO SOTO\" class=\"wp-embedded-content\" sandbox=\"allow-scripts\" security=\"restricted\" style=\"position: absolute; clip: rect(1px, 1px, 1px, 1px);\" src=\"https:\/\/leonardosoto.com.mx\/blog\/2019\/07\/02\/cansado-de-esperar-y-esperar-y-no-llega-tu-factura\/embed\/#?secret=qAzFBBQN2N\" data-secret=\"qAzFBBQN2N\" width=\"600\" height=\"338\" frameborder=\"0\" marginwidth=\"0\" marginheight=\"0\" scrolling=\"no\"><\/iframe>\n<\/div><\/figure>\n\n\n\n<p class=\"tit\">V. FUNDAMENTO LEGAL <\/p>\n\n\n\n<p class=\"titl\">Ley de Impuesto sobre la renta <strong>ISR<\/strong> 2019 Articulo 151<\/p>\n\n\n\n<p class=\"tit\">VI. \u00bfC\u00d3MO PUEDO INGRESAR?<\/p>\n\n\n\n<p class=\"titl\">Ingresa con tu <strong>RFC<\/strong>, contrase\u00f1a o e. firma<\/p>\n\n\n\n<p class=\"titl\"><a href=\"https:\/\/loginda.siat.sat.gob.mx\/nidp\/wsfed\/ep?id=ciec&amp;sid=0&amp;option=credential&amp;sid=0\">https:\/\/loginda.siat.sat.gob.mx\/nidp\/wsfed\/ep?id=ciec&amp;sid=0&amp;option=credential&amp;sid=0<\/a><\/p>\n\n\n\n<p class=\"tit\">VII. \u00bfCU\u00c1LES SON LAS CLASIFICACIONES EN LAS QUE SE DIVIDEN MIS DEDUCCIONES PERSONALES?<\/p>\n\n\n\n<div class=\"titl\"> \n<p>Honorarios m\u00e9dicos, dentales y gastos hospitalarios.<\/p>\n\n\n\n<p>Gastos funerarios.<\/p>\n\n\n\n<p>Donativos.<\/p>\n\n\n\n<p>Aportaciones voluntarias al SAR.<\/p>\n\n\n\n<p>Primas por seguros de gastos m\u00e9dicos.<\/p>\n\n\n\n<p>Transportaci\u00f3n escolar obligatoria.<\/p>\n\n\n\n<p>Dep\u00f3sitos en cuentas especiales para el ahorro para el retiro.<\/p>\n\n\n\n<p>Pagos por servicios educativos.<\/p>\n<\/div>\n\n\n\n<p class=\"tit\">VIII. FILTROS QUE OFRECE LA APLICACI\u00d3N<\/p>\n\n\n\n<div class=\"titl\"> \n<p>Podr\u00e1s visualizar cada una de tus deducciones personales, utilizando los filtros opcionales que se muestran:<\/p>\n\n\n\n<ul><li><strong>RFC<\/strong> del emisor.<\/li><li>Folio Fiscal.<\/li><li>Tipo de deducci\u00f3n.<\/li><li>Periodo (fecha de inicio y fin a consultar). <\/li><\/ul>\n<\/div>\n\n\n\n<p class=\"tit\">IX. \u00bfQU\u00c9 INFORMACI\u00d3N MUESTRA LA CONSULTA?<\/p>\n\n\n\n<div class=\"titl\">\n<ul><li>Fecha de emisi\u00f3n del <strong>CFDI.<\/strong><\/li><li><strong>RFC<\/strong> del emisor.<\/li><li>Nombre del emisor.<\/li><li>Descripci\u00f3n del producto o servicio proporcionado por el emisor.<\/li><li>Clave de producto o servicio.<\/li><li>Importe.<\/li><li>Forma de pago.<\/li><li>Tipo de deducci\u00f3n.<\/li><li>Motivo de no clasificaci\u00f3n.<\/li><li>Tipo de aportaci\u00f3n o dep\u00f3sito (solo para las aportaciones a tus cuentas de retiro).<\/li><li>Folio fiscal.<\/li><\/ul>\n<\/div>\n\n\n\n<p class=\"tit\">X. \u00bfQU\u00c9 SIGNIFICA \u201cMOTIVO DE NO CLASIFICACI\u00d3N\u201d?<\/p>\n\n\n\n<p><div class=\"titl\">\n<p>La columna&nbsp;<strong>\u201cMotivo de no clasificaci\u00f3n\u00bb<\/strong>, te permite identificar los conceptos que no han sido ubicados dentro de alguno de los tipos de deducci\u00f3n personal, por no cumplir con alguno de los requisitos establecidos en las disposiciones fiscales, en cuyo caso, deber\u00e1s acudir lo antes posible con el prestador de servicios que te haya emitido el Comprobante Fiscal Digital (<strong>CFDI<\/strong>), a fin de realizar las aclaraciones correspondientes y te emita, en su caso, el <strong>CFDI<\/strong> con los datos correctos, si tienes dudas de cu\u00e1les son los datos que debe contener una factura puedes consultar el chek list para emitir facturas correctamente <\/p>\n<\/div><\/p>\n\n\n\n<figure class=\"wp-block-embed-wordpress wp-block-embed is-type-wp-embed is-provider-blog-de-leonardo-soto\"><div class=\"wp-block-embed__wrapper\">\n<blockquote class=\"wp-embedded-content\" data-secret=\"Mce3cc3i6Z\"><a href=\"https:\/\/leonardosoto.com.mx\/blog\/2019\/06\/17\/si-eres-nuevo-en-el-area-de-facturacion-o-vas-a-empezar-a-facturar-aqui-te-dejo-este-check-list-con-todos-los-datos-que-necesitaras-para-realizar-tus-facturas-exitosamente\/\">Si eres nuevo en el \u00e1rea de facturaci\u00f3n o vas a empezar a facturar, aqu\u00ed te dejo este check list con todos los datos que necesitar\u00e1s para realizar tus facturas exitosamente<\/a><\/blockquote><iframe title=\"&#171;Si eres nuevo en el \u00e1rea de facturaci\u00f3n o vas a empezar a facturar, aqu\u00ed te dejo este check list con todos los datos que necesitar\u00e1s para realizar tus facturas exitosamente&#187; &#8212; BLOG DE LEONARDO SOTO\" class=\"wp-embedded-content\" sandbox=\"allow-scripts\" security=\"restricted\" style=\"position: absolute; clip: rect(1px, 1px, 1px, 1px);\" src=\"https:\/\/leonardosoto.com.mx\/blog\/2019\/06\/17\/si-eres-nuevo-en-el-area-de-facturacion-o-vas-a-empezar-a-facturar-aqui-te-dejo-este-check-list-con-todos-los-datos-que-necesitaras-para-realizar-tus-facturas-exitosamente\/embed\/#?secret=Mce3cc3i6Z\" data-secret=\"Mce3cc3i6Z\" width=\"600\" height=\"338\" frameborder=\"0\" marginwidth=\"0\" marginheight=\"0\" scrolling=\"no\"><\/iframe>\n<\/div><\/figure>\n\n\n\n<p>Aprovecha esta herramienta ya que la informaci\u00f3n mostrada en la consulta, la puedes exportar a un archivo de Excel y tambi\u00e9n podr\u00e1s generar la representaci\u00f3n impresa del <strong>CFDI<\/strong> al que corresponda cada uno de los conceptos.<\/p> <\/div>\n\n\n\n<p><\/p>\n\n\n<p><!--EndFragment--><\/p>","protected":false},"excerpt":{"rendered":"<p>\u00bfQuieres saber qu\u00e9 facturas de tus deducciones ya est\u00e1n consideradas para tu declaraci\u00f3n anual del pr\u00f3ximo a\u00f1o? Lee esta gu\u00eda que te ayudar\u00e1 a explorar el visor de deducciones personales del SAT. I. \u00bfQU\u00c9 ES? Es una aplicaci\u00f3n que se encuentra en el portal del SAT II. \u00bfA QUI\u00c9N EST\u00c1 DIRIGIDA? Para Personas F\u00edsicas III. \u00bfQU\u00c9 MUESTRA? Las facturas de tus gastos personales que ser\u00e1n deducibles en tu declaraci\u00f3n anual Las facturas de gastos personales que NO est\u00e1n consideradas para deducir por no cumplir con alguno de los requisitos establecidos&#8230;.<\/p>\n","protected":false},"author":1,"featured_media":20737,"comment_status":"open","ping_status":"closed","sticky":false,"template":"","format":"standard","meta":{"footnotes":""},"categories":[6],"tags":[],"_links":{"self":[{"href":"https:\/\/leonardosoto.com.mx\/blog\/wp-json\/wp\/v2\/posts\/20724"}],"collection":[{"href":"https:\/\/leonardosoto.com.mx\/blog\/wp-json\/wp\/v2\/posts"}],"about":[{"href":"https:\/\/leonardosoto.com.mx\/blog\/wp-json\/wp\/v2\/types\/post"}],"author":[{"embeddable":true,"href":"https:\/\/leonardosoto.com.mx\/blog\/wp-json\/wp\/v2\/users\/1"}],"replies":[{"embeddable":true,"href":"https:\/\/leonardosoto.com.mx\/blog\/wp-json\/wp\/v2\/comments?post=20724"}],"version-history":[{"count":9,"href":"https:\/\/leonardosoto.com.mx\/blog\/wp-json\/wp\/v2\/posts\/20724\/revisions"}],"predecessor-version":[{"id":20805,"href":"https:\/\/leonardosoto.com.mx\/blog\/wp-json\/wp\/v2\/posts\/20724\/revisions\/20805"}],"wp:featuredmedia":[{"embeddable":true,"href":"https:\/\/leonardosoto.com.mx\/blog\/wp-json\/wp\/v2\/media\/20737"}],"wp:attachment":[{"href":"https:\/\/leonardosoto.com.mx\/blog\/wp-json\/wp\/v2\/media?parent=20724"}],"wp:term":[{"taxonomy":"category","embeddable":true,"href":"https:\/\/leonardosoto.com.mx\/blog\/wp-json\/wp\/v2\/categories?post=20724"},{"taxonomy":"post_tag","embeddable":true,"href":"https:\/\/leonardosoto.com.mx\/blog\/wp-json\/wp\/v2\/tags?post=20724"}],"curies":[{"name":"wp","href":"https:\/\/api.w.org\/{rel}","templated":true}]}}